
{"id":17965,"date":"2026-04-28T11:04:37","date_gmt":"2026-04-28T09:04:37","guid":{"rendered":"https:\/\/depros.it\/?p=17965"},"modified":"2026-04-28T11:09:28","modified_gmt":"2026-04-28T09:09:28","slug":"depros-na-expomecanica-2026","status":"publish","type":"post","link":"https:\/\/depros.it\/pt-pt\/depros-na-expomecanica-2026\/","title":{"rendered":"DEPROS na EXPOMEC\u00c2NICA 2026"},"content":{"rendered":"<p>[et_pb_section fb_built=&#8221;1&#8243; _builder_version=&#8221;4.27.6&#8243; _module_preset=&#8221;default&#8221; min_height=&#8221;583.1px&#8221; custom_margin=&#8221;||-3px|||&#8221; custom_padding=&#8221;||0px|||&#8221; da_disable_devices=&#8221;off|off|off&#8221; global_colors_info=&#8221;{}&#8221; da_is_popup=&#8221;off&#8221; da_exit_intent=&#8221;off&#8221; da_has_close=&#8221;on&#8221; da_alt_close=&#8221;off&#8221; da_dark_close=&#8221;off&#8221; da_not_modal=&#8221;on&#8221; da_is_singular=&#8221;off&#8221; da_with_loader=&#8221;off&#8221; da_has_shadow=&#8221;on&#8221;][et_pb_row _builder_version=&#8221;4.27.6&#8243; _module_preset=&#8221;default&#8221; custom_margin=&#8221;-41px|auto||auto||&#8221; custom_padding=&#8221;||9px|||&#8221; global_colors_info=&#8221;{}&#8221;][et_pb_column type=&#8221;4_4&#8243; _builder_version=&#8221;4.27.6&#8243; _module_preset=&#8221;default&#8221; global_colors_info=&#8221;{}&#8221;][et_pb_text _builder_version=&#8221;4.27.6&#8243; _module_preset=&#8221;default&#8221; text_font=&#8221;|300|||||||&#8221; hover_enabled=&#8221;0&#8243; global_colors_info=&#8221;{}&#8221; sticky_enabled=&#8221;0&#8243;]<\/p>\n<p>A DEPROS tem o prazer de anunciar a sua participa\u00e7\u00e3o na <strong>EXPOMEC\u00c2NICA<\/strong>, uma das mais importantes feiras internacionais dedicadas ao setor do aftermarket autom\u00f3vel, que se realizar\u00e1 na <strong><a href=\"https:\/\/expomecanica.pt\/en\/\">Exponor &#8211; Feira Internacional do Porto<\/a><\/strong>, de <strong>29 a 31 de maio de 2026<\/strong>.<\/p>\n<p>O evento representa um ponto de refer\u00eancia para fabricantes, distribuidores e profissionais do setor, oferecendo uma oportunidade \u00fanica para descobrir as mais recentes inova\u00e7\u00f5es, tecnologias e solu\u00e7\u00f5es relacionadas com o mercado de pe\u00e7as de substitui\u00e7\u00e3o autom\u00f3vel.<o:p><\/o:p><\/p>\n<p>[\/et_pb_text][et_pb_text _builder_version=&#8221;4.27.6&#8243; _module_preset=&#8221;default&#8221; header_2_font=&#8221;&#8211;et_global_body_font|800|||||||&#8221; header_2_text_color=&#8221;gcid-0a9de6b2-9d03-4c1e-b803-fd4d902afdf4&#8243; custom_margin=&#8221;||14px|||&#8221; global_colors_info=&#8221;{%22gcid-0a9de6b2-9d03-4c1e-b803-fd4d902afdf4%22:%91%22header_2_text_color%22%93}&#8221;]<\/p>\n<h2>Porque \u00e9 que a EXPOMEC\u00c2NICA \u00e9 importante?<\/h2>\n<p>[\/et_pb_text][et_pb_text _builder_version=&#8221;4.27.6&#8243; _module_preset=&#8221;default&#8221; text_font=&#8221;|300|||||||&#8221; global_colors_info=&#8221;{}&#8221;]<\/p>\n<p>Para a DEPROS, a participa\u00e7\u00e3o neste evento representa um passo estrat\u00e9gico para <strong>refor\u00e7ar<\/strong> a nossa presen\u00e7a no mercado portugu\u00eas, <strong>consolidar <\/strong>rela\u00e7\u00f5es com parceiros e clientes internacionais, <strong>explorar <\/strong>novas oportunidades de crescimento e demonstrar a <strong>qualidade <\/strong>e <strong>fiabilidade <\/strong>dos nossos produtos e servi\u00e7os.<\/p>\n<p>[\/et_pb_text][et_pb_text _builder_version=&#8221;4.27.6&#8243; _module_preset=&#8221;default&#8221; header_2_font=&#8221;&#8211;et_global_body_font|800|||||||&#8221; header_2_text_color=&#8221;gcid-0a9de6b2-9d03-4c1e-b803-fd4d902afdf4&#8243; custom_margin=&#8221;||14px|||&#8221; global_colors_info=&#8221;{%22gcid-0a9de6b2-9d03-4c1e-b803-fd4d902afdf4%22:%91%22header_2_text_color%22%93}&#8221;]<\/p>\n<h2>Onde nos encontrar: STAND 4A03<\/h2>\n<p>[\/et_pb_text][et_pb_text _builder_version=&#8221;4.27.6&#8243; _module_preset=&#8221;default&#8221; text_font=&#8221;|300|||||||&#8221; global_colors_info=&#8221;{}&#8221;]<\/p>\n<p>Estaremos presentes no <strong>stand 4A03<\/strong>, onde poder\u00e1 conhecer a nossa equipa e saber mais sobre n\u00f3s e as nossas solu\u00e7\u00f5es para o setor autom\u00f3vel.<\/p>\n<p>Se desejar visitar a feira, pode solicitar o seu <strong>bilhete de entrada gratuito<\/strong> contactando-nos atrav\u00e9s do endere\u00e7o <strong><a href=\"mailto:info@depros.it\">info@depros.it<\/a><\/strong> ou do n\u00famero <strong><a href=\"https:\/\/wa.me\/+39081918020\">+39 081 918 020<\/a><\/strong>.<\/p>\n<p>Esperamos receb\u00ea-lo no <strong>Porto <\/strong>para partilhar novas oportunidades de desenvolvimento e colabora\u00e7\u00e3o.<\/p>\n<p>[\/et_pb_text][\/et_pb_column][\/et_pb_row][\/et_pb_section]<\/p>\n","protected":false},"excerpt":{"rendered":"<p>A DEPROS tem o prazer de anunciar a sua participa\u00e7\u00e3o na EXPOMEC\u00c2NICA, uma das mais importantes feiras internacionais dedicadas ao setor do aftermarket autom\u00f3vel, que se realizar\u00e1 na Exponor &#8211; Feira Internacional do Porto, de 29 a 31 de maio de 2026. O evento representa um ponto de refer\u00eancia para fabricantes, distribuidores e profissionais do [&hellip;]<\/p>\n","protected":false},"author":3,"featured_media":16459,"comment_status":"closed","ping_status":"closed","sticky":false,"template":"","format":"standard","meta":{"_et_pb_use_builder":"on","_et_pb_old_content":"","_et_gb_content_width":"","footnotes":""},"categories":[10889],"tags":[10928,10983,10984,10909],"class_list":["post-17965","post","type-post","status-publish","format-standard","has-post-thumbnail","hentry","category-comunicacao","tag-depros","tag-expomecanica","tag-feira","tag-tsp"],"_links":{"self":[{"href":"https:\/\/depros.it\/pt-pt\/wp-json\/wp\/v2\/posts\/17965","targetHints":{"allow":["GET"]}}],"collection":[{"href":"https:\/\/depros.it\/pt-pt\/wp-json\/wp\/v2\/posts"}],"about":[{"href":"https:\/\/depros.it\/pt-pt\/wp-json\/wp\/v2\/types\/post"}],"author":[{"embeddable":true,"href":"https:\/\/depros.it\/pt-pt\/wp-json\/wp\/v2\/users\/3"}],"replies":[{"embeddable":true,"href":"https:\/\/depros.it\/pt-pt\/wp-json\/wp\/v2\/comments?post=17965"}],"version-history":[{"count":10,"href":"https:\/\/depros.it\/pt-pt\/wp-json\/wp\/v2\/posts\/17965\/revisions"}],"predecessor-version":[{"id":18002,"href":"https:\/\/depros.it\/pt-pt\/wp-json\/wp\/v2\/posts\/17965\/revisions\/18002"}],"wp:featuredmedia":[{"embeddable":true,"href":"https:\/\/depros.it\/pt-pt\/wp-json\/wp\/v2\/media\/16459"}],"wp:attachment":[{"href":"https:\/\/depros.it\/pt-pt\/wp-json\/wp\/v2\/media?parent=17965"}],"wp:term":[{"taxonomy":"category","embeddable":true,"href":"https:\/\/depros.it\/pt-pt\/wp-json\/wp\/v2\/categories?post=17965"},{"taxonomy":"post_tag","embeddable":true,"href":"https:\/\/depros.it\/pt-pt\/wp-json\/wp\/v2\/tags?post=17965"}],"curies":[{"name":"wp","href":"https:\/\/api.w.org\/{rel}","templated":true}]}}