
{"id":17959,"date":"2026-04-28T11:04:35","date_gmt":"2026-04-28T09:04:35","guid":{"rendered":"https:\/\/depros.it\/?p=17959"},"modified":"2026-04-29T09:23:50","modified_gmt":"2026-04-29T07:23:50","slug":"depros-a-expomecanica-2026","status":"publish","type":"post","link":"https:\/\/depros.it\/fr\/depros-a-expomecanica-2026\/","title":{"rendered":"DEPROS \u00e0 EXPOMEC\u00c2NICA 2026"},"content":{"rendered":"<p>[et_pb_section fb_built=\u00a0\u00bb1&Prime; _builder_version=\u00a0\u00bb4.27.6&Prime; _module_preset=\u00a0\u00bbdefault\u00a0\u00bb min_height=\u00a0\u00bb583.1px\u00a0\u00bb custom_margin=\u00a0\u00bb||-3px|||\u00a0\u00bb custom_padding=\u00a0\u00bb||0px|||\u00a0\u00bb da_disable_devices=\u00a0\u00bboff|off|off\u00a0\u00bb global_colors_info=\u00a0\u00bb{}\u00a0\u00bb da_is_popup=\u00a0\u00bboff\u00a0\u00bb da_exit_intent=\u00a0\u00bboff\u00a0\u00bb da_has_close=\u00a0\u00bbon\u00a0\u00bb da_alt_close=\u00a0\u00bboff\u00a0\u00bb da_dark_close=\u00a0\u00bboff\u00a0\u00bb da_not_modal=\u00a0\u00bbon\u00a0\u00bb da_is_singular=\u00a0\u00bboff\u00a0\u00bb da_with_loader=\u00a0\u00bboff\u00a0\u00bb da_has_shadow=\u00a0\u00bbon\u00a0\u00bb][et_pb_row _builder_version=\u00a0\u00bb4.27.6&Prime; _module_preset=\u00a0\u00bbdefault\u00a0\u00bb custom_margin=\u00a0\u00bb-41px|auto||auto||\u00a0\u00bb custom_padding=\u00a0\u00bb||9px|||\u00a0\u00bb global_colors_info=\u00a0\u00bb{}\u00a0\u00bb][et_pb_column type=\u00a0\u00bb4_4&Prime; _builder_version=\u00a0\u00bb4.27.6&Prime; _module_preset=\u00a0\u00bbdefault\u00a0\u00bb global_colors_info=\u00a0\u00bb{}\u00a0\u00bb][et_pb_text _builder_version=\u00a0\u00bb4.27.6&Prime; _module_preset=\u00a0\u00bbdefault\u00a0\u00bb text_font=\u00a0\u00bb|300|||||||\u00a0\u00bb hover_enabled=\u00a0\u00bb0&Prime; global_colors_info=\u00a0\u00bb{}\u00a0\u00bb sticky_enabled=\u00a0\u00bb0&Prime;]<\/p>\n<p>DEPROS a le plaisir d&rsquo;annoncer sa participation \u00e0 <strong>EXPOMEC\u00c2NICA<\/strong>, l&rsquo;un des plus importants salons internationaux d\u00e9di\u00e9s au march\u00e9 de l&rsquo;apr\u00e8s-vente automobile, qui se tiendra \u00e0 <strong><a href=\"https:\/\/expomecanica.pt\/en\/\">Exponor &#8211; Parc des expositions de Porto<\/a><\/strong> du <strong>29 au 31 mai 2026<\/strong>.<\/p>\n<p>Cet \u00e9v\u00e9nement est un rendez-vous incontournable pour les fabricants, les distributeurs et les professionnels du secteur, offrant une occasion unique de d\u00e9couvrir les derni\u00e8res innovations, technologies et solutions pour l&rsquo;apr\u00e8s-vente automobile.<o:p><\/o:p><\/p>\n<p>[\/et_pb_text][et_pb_text _builder_version=\u00a0\u00bb4.27.6&Prime; _module_preset=\u00a0\u00bbdefault\u00a0\u00bb header_2_font=\u00a0\u00bb&#8211;et_global_body_font|800|||||||\u00a0\u00bb header_2_text_color=\u00a0\u00bbgcid-0a9de6b2-9d03-4c1e-b803-fd4d902afdf4&Prime; custom_margin=\u00a0\u00bb||14px|||\u00a0\u00bb global_colors_info=\u00a0\u00bb{%22gcid-0a9de6b2-9d03-4c1e-b803-fd4d902afdf4%22:%91%22header_2_text_color%22%93}\u00a0\u00bb]<\/p>\n<h2>Pourquoi EXPOMEC\u00c2NICA est important<\/h2>\n<p>[\/et_pb_text][et_pb_text _builder_version=\u00a0\u00bb4.27.6&Prime; _module_preset=\u00a0\u00bbdefault\u00a0\u00bb text_font=\u00a0\u00bb|300|||||||\u00a0\u00bb global_colors_info=\u00a0\u00bb{}\u00a0\u00bb]<\/p>\n<p>Pour DEPROS, participer \u00e0 cet \u00e9v\u00e9nement repr\u00e9sente une \u00e9tape strat\u00e9gique pour <strong>renforcer <\/strong>notre pr\u00e9sence sur le march\u00e9 portugais, <strong>consolider <\/strong>nos relations avec nos partenaires et clients internationaux, <strong>explorer <\/strong>de nouvelles opportunit\u00e9s de croissance et d\u00e9montrer la <strong>qualit\u00e9<\/strong> et la <strong>fiabilit\u00e9 <\/strong>de nos produits et services.<\/p>\n<p>[\/et_pb_text][et_pb_text _builder_version=\u00a0\u00bb4.27.6&Prime; _module_preset=\u00a0\u00bbdefault\u00a0\u00bb header_2_font=\u00a0\u00bb&#8211;et_global_body_font|800|||||||\u00a0\u00bb header_2_text_color=\u00a0\u00bbgcid-0a9de6b2-9d03-4c1e-b803-fd4d902afdf4&Prime; custom_margin=\u00a0\u00bb||14px|||\u00a0\u00bb global_colors_info=\u00a0\u00bb{%22gcid-0a9de6b2-9d03-4c1e-b803-fd4d902afdf4%22:%91%22header_2_text_color%22%93}\u00a0\u00bb]<\/p>\n<h2>O\u00f9 nous trouver : STAND 4A03<\/h2>\n<p>[\/et_pb_text][et_pb_text _builder_version=\u00a0\u00bb4.27.6&Prime; _module_preset=\u00a0\u00bbdefault\u00a0\u00bb text_font=\u00a0\u00bb|300|||||||\u00a0\u00bb global_colors_info=\u00a0\u00bb{}\u00a0\u00bb]<\/p>\n<p>Nous serons pr\u00e9sents sur le <strong>stand 4A03<\/strong>, o\u00f9 vous pourrez rencontrer notre \u00e9quipe et en apprendre davantage sur notre entreprise et nos solutions pour le secteur automobile.<\/p>\n<p>Si vous souhaitez visiter le salon, vous pouvez demander <strong>votre billet d&rsquo;entr\u00e9e gratuit<\/strong> en nous contactant \u00e0 l&rsquo;adresse <a href=\"mailto:info@depros.it\"><strong>info@depros.it<\/strong><\/a> ou au<a href=\"https:\/\/wa.me\/+39081918020\"><strong> +39 081 918 020<\/strong><\/a>.<\/p>\n<p>Nous serons ravis de vous accueillir \u00e0 <strong>Porto <\/strong>pour vous pr\u00e9senter nos innovations et les opportunit\u00e9s de collaboration.<\/p>\n<p>[\/et_pb_text][\/et_pb_column][\/et_pb_row][\/et_pb_section]<\/p>\n","protected":false},"excerpt":{"rendered":"<p>DEPROS a le plaisir d&rsquo;annoncer sa participation \u00e0 EXPOMEC\u00c2NICA, l&rsquo;un des plus importants salons internationaux d\u00e9di\u00e9s au march\u00e9 de l&rsquo;apr\u00e8s-vente automobile, qui se tiendra \u00e0 Exponor &#8211; Parc des expositions de Porto du 29 au 31 mai 2026. Cet \u00e9v\u00e9nement est un rendez-vous incontournable pour les fabricants, les distributeurs et les professionnels du secteur, offrant [&hellip;]<\/p>\n","protected":false},"author":3,"featured_media":18041,"comment_status":"closed","ping_status":"closed","sticky":false,"template":"","format":"standard","meta":{"_et_pb_use_builder":"on","_et_pb_old_content":"","_et_gb_content_width":"","footnotes":""},"categories":[10887],"tags":[10924,10979,10980,10897],"class_list":["post-17959","post","type-post","status-publish","format-standard","has-post-thumbnail","hentry","category-communications","tag-depros","tag-expomecanica","tag-salon","tag-tsp"],"_links":{"self":[{"href":"https:\/\/depros.it\/fr\/wp-json\/wp\/v2\/posts\/17959","targetHints":{"allow":["GET"]}}],"collection":[{"href":"https:\/\/depros.it\/fr\/wp-json\/wp\/v2\/posts"}],"about":[{"href":"https:\/\/depros.it\/fr\/wp-json\/wp\/v2\/types\/post"}],"author":[{"embeddable":true,"href":"https:\/\/depros.it\/fr\/wp-json\/wp\/v2\/users\/3"}],"replies":[{"embeddable":true,"href":"https:\/\/depros.it\/fr\/wp-json\/wp\/v2\/comments?post=17959"}],"version-history":[{"count":16,"href":"https:\/\/depros.it\/fr\/wp-json\/wp\/v2\/posts\/17959\/revisions"}],"predecessor-version":[{"id":18062,"href":"https:\/\/depros.it\/fr\/wp-json\/wp\/v2\/posts\/17959\/revisions\/18062"}],"wp:featuredmedia":[{"embeddable":true,"href":"https:\/\/depros.it\/fr\/wp-json\/wp\/v2\/media\/18041"}],"wp:attachment":[{"href":"https:\/\/depros.it\/fr\/wp-json\/wp\/v2\/media?parent=17959"}],"wp:term":[{"taxonomy":"category","embeddable":true,"href":"https:\/\/depros.it\/fr\/wp-json\/wp\/v2\/categories?post=17959"},{"taxonomy":"post_tag","embeddable":true,"href":"https:\/\/depros.it\/fr\/wp-json\/wp\/v2\/tags?post=17959"}],"curies":[{"name":"wp","href":"https:\/\/api.w.org\/{rel}","templated":true}]}}