
{"id":17371,"date":"2026-04-24T09:00:51","date_gmt":"2026-04-24T07:00:51","guid":{"rendered":"https:\/\/depros.it\/fermeture-pour-les-vacances-de-noel-2025\/"},"modified":"2026-04-24T09:00:52","modified_gmt":"2026-04-24T07:00:52","slug":"fermeture-pour-les-vacances-de-noel-2025","status":"publish","type":"post","link":"https:\/\/depros.it\/fr\/fermeture-pour-les-vacances-de-noel-2025\/","title":{"rendered":"Fermeture pour les vacances de No\u00ebl 2025"},"content":{"rendered":"<p>[et_pb_section fb_built=\u00a0\u00bb1&Prime; admin_label=\u00a0\u00bbsection\u00a0\u00bb _builder_version=\u00a0\u00bb4.16&Prime; custom_padding=\u00a0\u00bb3px||12px|||\u00a0\u00bb da_disable_devices=\u00a0\u00bboff|off|off\u00a0\u00bb global_colors_info=\u00a0\u00bb{}\u00a0\u00bb da_is_popup=\u00a0\u00bboff\u00a0\u00bb da_exit_intent=\u00a0\u00bboff\u00a0\u00bb da_has_close=\u00a0\u00bbon\u00a0\u00bb da_alt_close=\u00a0\u00bboff\u00a0\u00bb da_dark_close=\u00a0\u00bboff\u00a0\u00bb da_not_modal=\u00a0\u00bbon\u00a0\u00bb da_is_singular=\u00a0\u00bboff\u00a0\u00bb da_with_loader=\u00a0\u00bboff\u00a0\u00bb da_has_shadow=\u00a0\u00bbon\u00a0\u00bb][et_pb_row admin_label=\u00a0\u00bbrow\u00a0\u00bb _builder_version=\u00a0\u00bb4.16&Prime; background_size=\u00a0\u00bbinitial\u00a0\u00bb background_position=\u00a0\u00bbtop_left\u00a0\u00bb background_repeat=\u00a0\u00bbrepeat\u00a0\u00bb global_colors_info=\u00a0\u00bb{}\u00a0\u00bb][et_pb_column type=\u00a0\u00bb4_4&Prime; _builder_version=\u00a0\u00bb4.16&Prime; custom_padding=\u00a0\u00bb|||\u00a0\u00bb global_colors_info=\u00a0\u00bb{}\u00a0\u00bb custom_padding__hover=\u00a0\u00bb|||\u00a0\u00bb][et_pb_text admin_label=\u00a0\u00bbText\u00a0\u00bb _builder_version=\u00a0\u00bb4.27.6&Prime; background_size=\u00a0\u00bbinitial\u00a0\u00bb background_position=\u00a0\u00bbtop_left\u00a0\u00bb background_repeat=\u00a0\u00bbrepeat\u00a0\u00bb hover_enabled=\u00a0\u00bb0&Prime; global_colors_info=\u00a0\u00bb{}\u00a0\u00bb sticky_enabled=\u00a0\u00bb0&Prime; text_font=\u00a0\u00bbPoppins|300|||||||\u00a0\u00bb]<\/p>\n<p class=\"isSelectedEnd\">\u00c0 l&rsquo;occasion des <strong>f\u00eates de fin d&rsquo;ann\u00e9e 2025<\/strong>, nous informons notre client\u00e8le et nos partenaires que nos bureaux seront ferm\u00e9s aux dates suivantes :<\/p>\n<ul data-spread=\"false\">\n<li><strong>Du 24 au 28 d\u00e9cembre 2025 inclus<\/strong><\/li>\n<li><strong>Du 31 d\u00e9cembre 2025 au 6 janvier 2026<\/strong><\/li>\n<\/ul>\n<p>Toute demande re\u00e7ue pendant cette p\u00e9riode sera trait\u00e9e d\u00e8s la r\u00e9ouverture. Nous reprendrons nos activit\u00e9s habituelles le <strong>mercredi 7 janvier 2026<\/strong>, garantissant ainsi la disponibilit\u00e9 et la continuit\u00e9 de nos services. <\/p>\n<p>Pour toute urgence, merci de nous contacter \u00e0 l&rsquo;avance afin que nous puissions vous assister avant la fermeture.<\/p>\n<p>Nous vous remercions de votre confiance tout au long de l&rsquo;ann\u00e9e et vous adressons <strong>nos meilleurs v\u0153ux pour de joyeuses f\u00eates<\/strong>.<\/p>\n<p>[\/et_pb_text][\/et_pb_column][\/et_pb_row][\/et_pb_section]<\/p>\n","protected":false},"excerpt":{"rendered":"<p>\u00c0 l&rsquo;occasion des f\u00eates de fin d&rsquo;ann\u00e9e 2025, nous informons notre client\u00e8le et nos partenaires que nos bureaux seront ferm\u00e9s aux dates suivantes : Du 24 au 28 d\u00e9cembre 2025 inclus Du 31 d\u00e9cembre 2025 au 6 janvier 2026 Toute demande re\u00e7ue pendant cette p\u00e9riode sera trait\u00e9e d\u00e8s la r\u00e9ouverture. Nous reprendrons nos activit\u00e9s habituelles [&hellip;]<\/p>\n","protected":false},"author":1,"featured_media":15061,"comment_status":"closed","ping_status":"closed","sticky":false,"template":"","format":"standard","meta":{"_et_pb_use_builder":"on","_et_pb_old_content":"","_et_gb_content_width":"","footnotes":""},"categories":[10887],"tags":[],"class_list":["post-17371","post","type-post","status-publish","format-standard","has-post-thumbnail","hentry","category-communications"],"_links":{"self":[{"href":"https:\/\/depros.it\/fr\/wp-json\/wp\/v2\/posts\/17371","targetHints":{"allow":["GET"]}}],"collection":[{"href":"https:\/\/depros.it\/fr\/wp-json\/wp\/v2\/posts"}],"about":[{"href":"https:\/\/depros.it\/fr\/wp-json\/wp\/v2\/types\/post"}],"author":[{"embeddable":true,"href":"https:\/\/depros.it\/fr\/wp-json\/wp\/v2\/users\/1"}],"replies":[{"embeddable":true,"href":"https:\/\/depros.it\/fr\/wp-json\/wp\/v2\/comments?post=17371"}],"version-history":[{"count":2,"href":"https:\/\/depros.it\/fr\/wp-json\/wp\/v2\/posts\/17371\/revisions"}],"predecessor-version":[{"id":17373,"href":"https:\/\/depros.it\/fr\/wp-json\/wp\/v2\/posts\/17371\/revisions\/17373"}],"wp:featuredmedia":[{"embeddable":true,"href":"https:\/\/depros.it\/fr\/wp-json\/wp\/v2\/media\/15061"}],"wp:attachment":[{"href":"https:\/\/depros.it\/fr\/wp-json\/wp\/v2\/media?parent=17371"}],"wp:term":[{"taxonomy":"category","embeddable":true,"href":"https:\/\/depros.it\/fr\/wp-json\/wp\/v2\/categories?post=17371"},{"taxonomy":"post_tag","embeddable":true,"href":"https:\/\/depros.it\/fr\/wp-json\/wp\/v2\/tags?post=17371"}],"curies":[{"name":"wp","href":"https:\/\/api.w.org\/{rel}","templated":true}]}}