
{"id":16230,"date":"2026-04-13T17:49:49","date_gmt":"2026-04-13T15:49:49","guid":{"rendered":"https:\/\/depros.it\/depros-soluzioni-per-turbocompressori-e-componenti-automotive\/"},"modified":"2026-04-14T09:03:37","modified_gmt":"2026-04-14T07:03:37","slug":"depros-soluzioni-per-turbocompressori-e-componenti-automotive","status":"publish","type":"post","link":"https:\/\/depros.it\/fr\/depros-soluzioni-per-turbocompressori-e-componenti-automotive\/","title":{"rendered":"DEPROS \u2013 Solutions pour turbocompresseurs et composants automobiles"},"content":{"rendered":"<p>[et_pb_section fb_built=\u00a0\u00bb1&Prime; _builder_version=\u00a0\u00bb4.18.0&Prime; _module_preset=\u00a0\u00bbdefault\u00a0\u00bb custom_padding=\u00a0\u00bb10px||5px|||\u00a0\u00bb da_disable_devices=\u00a0\u00bboff|off|off\u00a0\u00bb global_colors_info=\u00a0\u00bb{}\u00a0\u00bb da_is_popup=\u00a0\u00bboff\u00a0\u00bb da_exit_intent=\u00a0\u00bboff\u00a0\u00bb da_has_close=\u00a0\u00bbon\u00a0\u00bb da_alt_close=\u00a0\u00bboff\u00a0\u00bb da_dark_close=\u00a0\u00bboff\u00a0\u00bb da_not_modal=\u00a0\u00bbon\u00a0\u00bb da_is_singular=\u00a0\u00bboff\u00a0\u00bb da_with_loader=\u00a0\u00bboff\u00a0\u00bb da_has_shadow=\u00a0\u00bbon\u00a0\u00bb][et_pb_row _builder_version=\u00a0\u00bb4.18.0&Prime; _module_preset=\u00a0\u00bbdefault\u00a0\u00bb custom_padding=\u00a0\u00bb||5px|||\u00a0\u00bb global_colors_info=\u00a0\u00bb{}\u00a0\u00bb][et_pb_column type=\u00a0\u00bb4_4&Prime; _builder_version=\u00a0\u00bb4.18.0&Prime; _module_preset=\u00a0\u00bbdefault\u00a0\u00bb global_colors_info=\u00a0\u00bb{}\u00a0\u00bb][et_pb_text _builder_version=\u00a0\u00bb4.18.0&Prime; _module_preset=\u00a0\u00bbdefault\u00a0\u00bb text_font=\u00a0\u00bbPoppins|300|||||||\u00a0\u00bb text_text_color=\u00a0\u00bb#FFFFFF\u00a0\u00bb background_color=\u00a0\u00bbgcid-78580d7f-98e0-4ead-ab9d-862217e7e700&Prime; text_orientation=\u00a0\u00bbcenter\u00a0\u00bb custom_padding=\u00a0\u00bb30px||30px|30px|true|false\u00a0\u00bb global_colors_info=\u00a0\u00bb{%22gcid-78580d7f-98e0-4ead-ab9d-862217e7e700%22:%91%22background_color%22%93}\u00a0\u00bb]<\/p>\n<p><strong>DEPROS<\/strong> est un fournisseur leader de composants pour l<strong>\u2019industrie automobile<\/strong> et <strong>poids lourds<\/strong>. Nous proposons des solutions compl\u00e8tes pour ceux qui recherchent fiabilit\u00e9, performance et flexibilit\u00e9, et nous accompagnons les professionnels et sp\u00e9cialistes du secteur.<\/p>\n<p>[\/et_pb_text][\/et_pb_column][\/et_pb_row][\/et_pb_section][et_pb_section fb_built=\u00a0\u00bb1&Prime; _builder_version=\u00a0\u00bb4.18.0&Prime; _module_preset=\u00a0\u00bbdefault\u00a0\u00bb custom_padding=\u00a0\u00bb30px||4px|||\u00a0\u00bb da_disable_devices=\u00a0\u00bboff|off|off\u00a0\u00bb global_colors_info=\u00a0\u00bb{}\u00a0\u00bb da_is_popup=\u00a0\u00bboff\u00a0\u00bb da_exit_intent=\u00a0\u00bboff\u00a0\u00bb da_has_close=\u00a0\u00bbon\u00a0\u00bb da_alt_close=\u00a0\u00bboff\u00a0\u00bb da_dark_close=\u00a0\u00bboff\u00a0\u00bb da_not_modal=\u00a0\u00bbon\u00a0\u00bb da_is_singular=\u00a0\u00bboff\u00a0\u00bb da_with_loader=\u00a0\u00bboff\u00a0\u00bb da_has_shadow=\u00a0\u00bbon\u00a0\u00bb][et_pb_row _builder_version=\u00a0\u00bb4.18.0&Prime; _module_preset=\u00a0\u00bbdefault\u00a0\u00bb custom_padding=\u00a0\u00bb17px|||||\u00a0\u00bb global_colors_info=\u00a0\u00bb{}\u00a0\u00bb][et_pb_column type=\u00a0\u00bb4_4&Prime; _builder_version=\u00a0\u00bb4.18.0&Prime; _module_preset=\u00a0\u00bbdefault\u00a0\u00bb global_colors_info=\u00a0\u00bb{}\u00a0\u00bb][et_pb_text _builder_version=\u00a0\u00bb4.18.0&Prime; _module_preset=\u00a0\u00bbdefault\u00a0\u00bb text_font=\u00a0\u00bbPoppins|700|||||||\u00a0\u00bb text_text_color=\u00a0\u00bbgcid-78580d7f-98e0-4ead-ab9d-862217e7e700&Prime; text_font_size=\u00a0\u00bb18px\u00a0\u00bb ul_text_align=\u00a0\u00bbleft\u00a0\u00bb header_font=\u00a0\u00bb|600|||||||\u00a0\u00bb header_text_color=\u00a0\u00bb#000000&Prime; header_2_font=\u00a0\u00bb|700|||||||\u00a0\u00bb header_2_text_color=\u00a0\u00bbgcid-78580d7f-98e0-4ead-ab9d-862217e7e700&Prime; header_2_font_size=\u00a0\u00bb24px\u00a0\u00bb header_3_font=\u00a0\u00bb||||||||\u00a0\u00bb custom_margin=\u00a0\u00bb||10px||false|false\u00a0\u00bb custom_padding=\u00a0\u00bb||||false|false\u00a0\u00bb global_colors_info=\u00a0\u00bb{%22gcid-78580d7f-98e0-4ead-ab9d-862217e7e700%22:%91%22text_text_color%22,%22header_2_text_color%22%93}\u00a0\u00bb]<\/p>\n<h2>Notre gamme de produits<\/h2>\n<p>[\/et_pb_text][et_pb_text _builder_version=\u00a0\u00bb4.18.0&Prime; _module_preset=\u00a0\u00bbdefault\u00a0\u00bb text_font=\u00a0\u00bbPoppins|300|||||||\u00a0\u00bb global_colors_info=\u00a0\u00bb{}\u00a0\u00bb]<\/p>\n<p><strong>DEPROS <\/strong>offre une gamme compl\u00e8te et diversifi\u00e9e de composants, disponibles en versions <strong>NEUVES<\/strong>, <strong>RECONDITIONN\u00c9ES<\/strong> et <strong>COMPATIBLES<\/strong>:<\/p>\n<p>[\/et_pb_text][\/et_pb_column][\/et_pb_row][et_pb_row column_structure=\u00a0\u00bb1_4,1_4,1_4,1_4&Prime; _builder_version=\u00a0\u00bb4.18.0&Prime; _module_preset=\u00a0\u00bbdefault\u00a0\u00bb global_colors_info=\u00a0\u00bb{}\u00a0\u00bb][et_pb_column type=\u00a0\u00bb1_4&Prime; _builder_version=\u00a0\u00bb4.18.0&Prime; _module_preset=\u00a0\u00bbdefault\u00a0\u00bb global_colors_info=\u00a0\u00bb{}\u00a0\u00bb][et_pb_blurb title=\u00a0\u00bbTURBOCOMPRESSEURS\u00a0\u00bb image=\u00a0\u00bbhttps:\/\/depros.it\/wp-content\/uploads\/2026\/02\/turbocompressore.png\u00a0\u00bb alt=\u00a0\u00bbTurbocompresseur\u00a0\u00bb _builder_version=\u00a0\u00bb4.18.0&Prime; _module_preset=\u00a0\u00bbdefault\u00a0\u00bb header_level=\u00a0\u00bbh3&Prime; header_font=\u00a0\u00bbPoppins|700|||||||\u00a0\u00bb header_text_color=\u00a0\u00bbgcid-78580d7f-98e0-4ead-ab9d-862217e7e700&Prime; header_font_size=\u00a0\u00bb16px\u00a0\u00bb body_font=\u00a0\u00bbPoppins|300|||||||\u00a0\u00bb body_font_size=\u00a0\u00bb14px\u00a0\u00bb box_shadow_style_image=\u00a0\u00bbpreset1&Prime; global_colors_info=\u00a0\u00bb{%22gcid-78580d7f-98e0-4ead-ab9d-862217e7e700%22:%91%22header_text_color%22%93}\u00a0\u00bb]<\/p>\n<p>DEPROS propose une large gamme de <strong>TURBOCOMPRESSEURS <\/strong>complets, s\u00e9lectionn\u00e9s et test\u00e9s pour garantir leur <em>efficacit\u00e9 <\/em>dans toutes les conditions de fonctionnement, leur <em>durabilit\u00e9 <\/em>et leur <em>compatibilit\u00e9 <\/em>avec une grande vari\u00e9t\u00e9 de moteurs.<\/p>\n<p>[\/et_pb_blurb][\/et_pb_column][et_pb_column type=\u00a0\u00bb1_4&Prime; _builder_version=\u00a0\u00bb4.18.0&Prime; _module_preset=\u00a0\u00bbdefault\u00a0\u00bb global_colors_info=\u00a0\u00bb{}\u00a0\u00bb][et_pb_blurb title=\u00a0\u00bbENSEMBLES TURBOCOMPRESSEURS TSP\u00a0\u00bb image=\u00a0\u00bbhttps:\/\/depros.it\/wp-content\/uploads\/2026\/02\/CORE-ASSY-TSP.png\u00a0\u00bb alt=\u00a0\u00bbTurbocompresseur\u00a0\u00bb _builder_version=\u00a0\u00bb4.18.0&Prime; _module_preset=\u00a0\u00bbdefault\u00a0\u00bb header_level=\u00a0\u00bbh3&Prime; header_font=\u00a0\u00bbPoppins|700|||||||\u00a0\u00bb header_text_color=\u00a0\u00bbgcid-78580d7f-98e0-4ead-ab9d-862217e7e700&Prime; header_font_size=\u00a0\u00bb16px\u00a0\u00bb body_font=\u00a0\u00bbPoppins|300|||||||\u00a0\u00bb body_font_size=\u00a0\u00bb14px\u00a0\u00bb box_shadow_style_image=\u00a0\u00bbpreset1&Prime; global_colors_info=\u00a0\u00bb{%22gcid-78580d7f-98e0-4ead-ab9d-862217e7e700%22:%91%22header_text_color%22%93}\u00a0\u00bb]<\/p>\n<p>DEPROS, via sa marque <strong>TSP<\/strong>, propose la plus vaste gamme d&rsquo;<strong>ensembles turbocompresseurs<\/strong> du march\u00e9 pour les applications <em>automobiles, poids lourds, marines, agricoles et engins de chantier.<\/em> Chaque composant est <em>test\u00e9<\/em>   et <em>\u00e9quilibr\u00e9 <\/em>selon les normes de qualit\u00e9 les plus strictes.<\/p>\n<p>[\/et_pb_blurb][\/et_pb_column][et_pb_column type=\u00a0\u00bb1_4&Prime; _builder_version=\u00a0\u00bb4.18.0&Prime; _module_preset=\u00a0\u00bbdefault\u00a0\u00bb global_colors_info=\u00a0\u00bb{}\u00a0\u00bb][et_pb_blurb title=\u00a0\u00bbSYST\u00c8ME DE DIRECTION\u00a0\u00bb image=\u00a0\u00bbhttps:\/\/depros.it\/wp-content\/uploads\/2026\/02\/Apparato-sterzante.png\u00a0\u00bb alt=\u00a0\u00bbSyst\u00e8me de direction\u00a0\u00bb _builder_version=\u00a0\u00bb4.18.0&Prime; _module_preset=\u00a0\u00bbdefault\u00a0\u00bb header_level=\u00a0\u00bbh3&Prime; header_font=\u00a0\u00bbPoppins|700|||||||\u00a0\u00bb header_text_color=\u00a0\u00bbgcid-78580d7f-98e0-4ead-ab9d-862217e7e700&Prime; header_font_size=\u00a0\u00bb16px\u00a0\u00bb body_font=\u00a0\u00bbPoppins|300|||||||\u00a0\u00bb body_font_size=\u00a0\u00bb14px\u00a0\u00bb box_shadow_style_image=\u00a0\u00bbpreset1&Prime; global_colors_info=\u00a0\u00bb{%22gcid-78580d7f-98e0-4ead-ab9d-862217e7e700%22:%91%22header_text_color%22%93}\u00a0\u00bb]<\/p>\n<p>DEPROS propose une gamme compl\u00e8te de composants pour les <b>syst\u00e8mes de direction<\/b> m\u00e9caniques, hydrauliques et \u00e9lectriques, con\u00e7us pour garantir <em>pr\u00e9cision<\/em>, <em>maniabilit\u00e9 <\/em>et <em>fiabilit\u00e9<\/em>. DEPROS est le distributeur officiel de <strong>JTEKT<\/strong> en Italie.<\/p>\n<p>[\/et_pb_blurb][\/et_pb_column][et_pb_column type=\u00a0\u00bb1_4&Prime; _builder_version=\u00a0\u00bb4.18.0&Prime; _module_preset=\u00a0\u00bbdefault\u00a0\u00bb global_colors_info=\u00a0\u00bb{}\u00a0\u00bb][et_pb_blurb title=\u00a0\u00bbFAP et convertisseurs catalytiques\u00a0\u00bb image=\u00a0\u00bbhttps:\/\/depros.it\/wp-content\/uploads\/2026\/02\/FAP-E-CATALIZZATORI.png\u00a0\u00bb alt=\u00a0\u00bbFAP et convertisseurs catalytiques\u00a0\u00bb _builder_version=\u00a0\u00bb4.18.0&Prime; _module_preset=\u00a0\u00bbdefault\u00a0\u00bb header_level=\u00a0\u00bbh3&Prime; header_font=\u00a0\u00bbPoppins|700|||||||\u00a0\u00bb header_text_color=\u00a0\u00bbgcid-78580d7f-98e0-4ead-ab9d-862217e7e700&Prime; header_font_size=\u00a0\u00bb16px\u00a0\u00bb body_font=\u00a0\u00bbPoppins|300|||||||\u00a0\u00bb body_font_size=\u00a0\u00bb14px\u00a0\u00bb box_shadow_style_image=\u00a0\u00bbpreset1&Prime; global_colors_info=\u00a0\u00bb{%22gcid-78580d7f-98e0-4ead-ab9d-862217e7e700%22:%91%22header_text_color%22%93}\u00a0\u00bb]<\/p>\n<p>DEPROS propose \u00e0 ses clients un service de lavage et de nettoyage des filtres \u00e0 particules (<strong>FAP<\/strong>) et des <b>catalyseurs <\/b>pour voitures, v\u00e9hicules utilitaires et camions, leur redonnant ainsi toute leur fonctionnalit\u00e9 \u00e0 un prix comp\u00e9titif.<\/p>\n<p>[\/et_pb_blurb][\/et_pb_column][\/et_pb_row][et_pb_row _builder_version=\u00a0\u00bb4.18.0&Prime; _module_preset=\u00a0\u00bbdefault\u00a0\u00bb custom_padding=\u00a0\u00bb5px||0px|||\u00a0\u00bb global_colors_info=\u00a0\u00bb{}\u00a0\u00bb][et_pb_column type=\u00a0\u00bb4_4&Prime; _builder_version=\u00a0\u00bb4.18.0&Prime; _module_preset=\u00a0\u00bbdefault\u00a0\u00bb global_colors_info=\u00a0\u00bb{}\u00a0\u00bb][et_pb_text _builder_version=\u00a0\u00bb4.18.0&Prime; _module_preset=\u00a0\u00bbdefault\u00a0\u00bb text_font=\u00a0\u00bbPoppins|700|||||||\u00a0\u00bb text_text_color=\u00a0\u00bbgcid-78580d7f-98e0-4ead-ab9d-862217e7e700&Prime; text_font_size=\u00a0\u00bb18px\u00a0\u00bb ul_text_align=\u00a0\u00bbleft\u00a0\u00bb header_font=\u00a0\u00bb|600|||||||\u00a0\u00bb header_text_color=\u00a0\u00bb#000000&Prime; header_2_font=\u00a0\u00bb|700|||||||\u00a0\u00bb header_2_text_color=\u00a0\u00bbgcid-78580d7f-98e0-4ead-ab9d-862217e7e700&Prime; header_2_font_size=\u00a0\u00bb24px\u00a0\u00bb header_3_font=\u00a0\u00bb||||||||\u00a0\u00bb custom_margin=\u00a0\u00bb||10px||false|false\u00a0\u00bb custom_padding=\u00a0\u00bb||||false|false\u00a0\u00bb global_colors_info=\u00a0\u00bb{%22gcid-78580d7f-98e0-4ead-ab9d-862217e7e700%22:%91%22text_text_color%22,%22header_2_text_color%22%93}\u00a0\u00bb]<\/p>\n<h2>Pourquoi choisir DEPROS?<\/h2>\n<p>[\/et_pb_text][et_pb_text _builder_version=\u00a0\u00bb4.18.0&Prime; _module_preset=\u00a0\u00bbdefault\u00a0\u00bb text_font=\u00a0\u00bbPoppins|300|||||||\u00a0\u00bb custom_padding=\u00a0\u00bb||0px|||\u00a0\u00bb global_colors_info=\u00a0\u00bb{}\u00a0\u00bb]<\/p>\n<p><strong>DEPROS<\/strong><span> <\/span>DEPROS ne se contente pas de fournir des produits. Choisir DEPROS, c\u2019est s\u2019appuyer sur un partenaire structur\u00e9, capable de vous offrir: <\/p>\n<ul>\n<li>Une <strong>large <\/strong>disponibilit\u00e9 de produits ;<\/li>\n<li>Des solutions neuves, <strong>reconditionn\u00e9es<\/strong> et <strong>compatibles<\/strong> ;<\/li>\n<li>Un support technique et commercial <strong>qualifi\u00e9 <\/strong>;<\/li>\n<li>Une approche <strong>flexible <\/strong>ax\u00e9e sur les besoins r\u00e9els du client.<\/li>\n<\/ul>\n<p>&nbsp;<\/p>\n<p>[\/et_pb_text][\/et_pb_column][\/et_pb_row][et_pb_row _builder_version=\u00a0\u00bb4.18.0&Prime; _module_preset=\u00a0\u00bbdefault\u00a0\u00bb custom_padding=\u00a0\u00bb||4px|||\u00a0\u00bb global_colors_info=\u00a0\u00bb{}\u00a0\u00bb][et_pb_column type=\u00a0\u00bb4_4&Prime; _builder_version=\u00a0\u00bb4.18.0&Prime; _module_preset=\u00a0\u00bbdefault\u00a0\u00bb global_colors_info=\u00a0\u00bb{}\u00a0\u00bb][et_pb_text _builder_version=\u00a0\u00bb4.18.0&Prime; _module_preset=\u00a0\u00bbdefault\u00a0\u00bb text_font=\u00a0\u00bbPoppins|700|||||||\u00a0\u00bb text_text_color=\u00a0\u00bbgcid-78580d7f-98e0-4ead-ab9d-862217e7e700&Prime; text_font_size=\u00a0\u00bb18px\u00a0\u00bb ul_text_align=\u00a0\u00bbleft\u00a0\u00bb header_font=\u00a0\u00bb|600|||||||\u00a0\u00bb header_text_color=\u00a0\u00bb#000000&Prime; header_2_font=\u00a0\u00bb|700|||||||\u00a0\u00bb header_2_text_color=\u00a0\u00bbgcid-78580d7f-98e0-4ead-ab9d-862217e7e700&Prime; header_2_font_size=\u00a0\u00bb24px\u00a0\u00bb header_3_font=\u00a0\u00bb||||||||\u00a0\u00bb min_height=\u00a0\u00bb32.2px\u00a0\u00bb custom_margin=\u00a0\u00bb-37px||10px||false|false\u00a0\u00bb custom_padding=\u00a0\u00bb4px||||false|false\u00a0\u00bb global_colors_info=\u00a0\u00bb{%22gcid-78580d7f-98e0-4ead-ab9d-862217e7e700%22:%91%22text_text_color%22,%22header_2_text_color%22%93}\u00a0\u00bb]<\/p>\n<h2>Contactez-nous<\/h2>\n<p>[\/et_pb_text][\/et_pb_column][\/et_pb_row][et_pb_row column_structure=\u00a0\u00bb1_2,1_2&Prime; use_custom_gutter=\u00a0\u00bbon\u00a0\u00bb make_equal=\u00a0\u00bbon\u00a0\u00bb _builder_version=\u00a0\u00bb4.18.0&Prime; _module_preset=\u00a0\u00bbdefault\u00a0\u00bb custom_padding=\u00a0\u00bb18px|||||\u00a0\u00bb global_colors_info=\u00a0\u00bb{}\u00a0\u00bb][et_pb_column type=\u00a0\u00bb1_2&Prime; _builder_version=\u00a0\u00bb4.18.0&Prime; _module_preset=\u00a0\u00bbdefault\u00a0\u00bb global_colors_info=\u00a0\u00bb{}\u00a0\u00bb][et_pb_cta button_url=\u00a0\u00bbhttps:\/\/depros.it\/fr\/contatti\/\u00a0\u00bb button_text=\u00a0\u00bbService client\u00a0\u00bb module_class=\u00a0\u00bbdep-btn-bianco\u00a0\u00bb _builder_version=\u00a0\u00bb4.18.0&Prime; _module_preset=\u00a0\u00bbdefault\u00a0\u00bb header_font=\u00a0\u00bbPoppins||||||||\u00a0\u00bb body_font=\u00a0\u00bbPoppins||||||||\u00a0\u00bb background_color=\u00a0\u00bbgcid-78580d7f-98e0-4ead-ab9d-862217e7e700&Prime; custom_button=\u00a0\u00bbon\u00a0\u00bb button_text_color=\u00a0\u00bb#FFFFFF\u00a0\u00bb button_font=\u00a0\u00bbPoppins||||||||\u00a0\u00bb width=\u00a0\u00bb100%\u00a0\u00bb custom_margin=\u00a0\u00bb-10px||||false|false\u00a0\u00bb animation_style=\u00a0\u00bbfade\u00a0\u00bb border_radii=\u00a0\u00bbon|10px|10px|10px|10px\u00a0\u00bb box_shadow_style=\u00a0\u00bbpreset2&Prime; global_colors_info=\u00a0\u00bb{%22gcid-78580d7f-98e0-4ead-ab9d-862217e7e700%22:%91%22background_color%22%93}\u00a0\u00bb]<\/p>\n<p>Pour plus d&rsquo;informations sur nos produits ou pour obtenir de l&rsquo;aide afin de choisir le produit le mieux adapt\u00e9 \u00e0 votre application, veuillez remplir le formulaire en cliquant sur le lien suivant :<\/p>\n<p>[\/et_pb_cta][\/et_pb_column][et_pb_column type=\u00a0\u00bb1_2&Prime; _builder_version=\u00a0\u00bb4.18.0&Prime; _module_preset=\u00a0\u00bbdefault\u00a0\u00bb global_colors_info=\u00a0\u00bb{}\u00a0\u00bb][et_pb_cta button_url=\u00a0\u00bbhttps:\/\/shop.depros.it\/fr\/richiesta-nuovo-cliente\u00a0\u00bb button_text=\u00a0\u00bbS&#039;inscrire\u00a0\u00bb module_class=\u00a0\u00bbdep-btn-bianco\u00a0\u00bb _builder_version=\u00a0\u00bb4.18.0&Prime; _module_preset=\u00a0\u00bbdefault\u00a0\u00bb header_font=\u00a0\u00bbPoppins||||||||\u00a0\u00bb body_font=\u00a0\u00bbPoppins||||||||\u00a0\u00bb background_color=\u00a0\u00bbgcid-78580d7f-98e0-4ead-ab9d-862217e7e700&Prime; custom_button=\u00a0\u00bbon\u00a0\u00bb button_text_color=\u00a0\u00bb#FFFFFF\u00a0\u00bb button_font=\u00a0\u00bbPoppins||||||||\u00a0\u00bb height=\u00a0\u00bb100%\u00a0\u00bb custom_margin=\u00a0\u00bb-10px||||false|false\u00a0\u00bb animation_style=\u00a0\u00bbfade\u00a0\u00bb border_radii=\u00a0\u00bbon|10px|10px|10px|10px\u00a0\u00bb box_shadow_style=\u00a0\u00bbpreset2&Prime; global_colors_info=\u00a0\u00bb{%22gcid-78580d7f-98e0-4ead-ab9d-862217e7e700%22:%91%22background_color%22%93}\u00a0\u00bb]<\/p>\n<p>Si vous souhaitez cr\u00e9er un <strong>compte <\/strong>sur notre <strong>site e-commerce<\/strong> pour g\u00e9rer vos commandes et consulter la disponibilit\u00e9 des produits,<br \/>cliquez sur le lien suivant:<\/p>\n<p>[\/et_pb_cta][\/et_pb_column][\/et_pb_row][\/et_pb_section]<\/p>\n","protected":false},"excerpt":{"rendered":"<p>Faites confiance \u00e0 DEPROS pour vos turbocompresseurs et composants automobiles : exp\u00e9rience, fiabilit\u00e9 et solutions sur mesure pour tous vos besoins.<\/p>\n","protected":false},"author":1,"featured_media":14642,"comment_status":"closed","ping_status":"closed","sticky":false,"template":"","format":"standard","meta":{"_et_pb_use_builder":"on","_et_pb_old_content":"","_et_gb_content_width":"","footnotes":""},"categories":[8547],"tags":[10901,10898,10899,10902,10897,10900],"class_list":["post-16230","post","type-post","status-publish","format-standard","has-post-thumbnail","hentry","category-non-classifiee","tag-automotive","tag-core-assy","tag-fap","tag-systeme-de-direction","tag-tsp","tag-turbo"],"_links":{"self":[{"href":"https:\/\/depros.it\/fr\/wp-json\/wp\/v2\/posts\/16230","targetHints":{"allow":["GET"]}}],"collection":[{"href":"https:\/\/depros.it\/fr\/wp-json\/wp\/v2\/posts"}],"about":[{"href":"https:\/\/depros.it\/fr\/wp-json\/wp\/v2\/types\/post"}],"author":[{"embeddable":true,"href":"https:\/\/depros.it\/fr\/wp-json\/wp\/v2\/users\/1"}],"replies":[{"embeddable":true,"href":"https:\/\/depros.it\/fr\/wp-json\/wp\/v2\/comments?post=16230"}],"version-history":[{"count":7,"href":"https:\/\/depros.it\/fr\/wp-json\/wp\/v2\/posts\/16230\/revisions"}],"predecessor-version":[{"id":16258,"href":"https:\/\/depros.it\/fr\/wp-json\/wp\/v2\/posts\/16230\/revisions\/16258"}],"wp:featuredmedia":[{"embeddable":true,"href":"https:\/\/depros.it\/fr\/wp-json\/wp\/v2\/media\/14642"}],"wp:attachment":[{"href":"https:\/\/depros.it\/fr\/wp-json\/wp\/v2\/media?parent=16230"}],"wp:term":[{"taxonomy":"category","embeddable":true,"href":"https:\/\/depros.it\/fr\/wp-json\/wp\/v2\/categories?post=16230"},{"taxonomy":"post_tag","embeddable":true,"href":"https:\/\/depros.it\/fr\/wp-json\/wp\/v2\/tags?post=16230"}],"curies":[{"name":"wp","href":"https:\/\/api.w.org\/{rel}","templated":true}]}}