
{"id":17962,"date":"2026-04-28T11:04:34","date_gmt":"2026-04-28T09:04:34","guid":{"rendered":"https:\/\/depros.it\/?p=17962"},"modified":"2026-04-29T09:24:53","modified_gmt":"2026-04-29T07:24:53","slug":"depros-en-expomecanica-2026","status":"publish","type":"post","link":"https:\/\/depros.it\/es\/depros-en-expomecanica-2026\/","title":{"rendered":"DEPROS en EXPOMEC\u00c2NICA 2026"},"content":{"rendered":"<p>[et_pb_section fb_built=\u00bb1&#8243; _builder_version=\u00bb4.27.6&#8243; _module_preset=\u00bbdefault\u00bb min_height=\u00bb583.1px\u00bb custom_margin=\u00bb||-3px|||\u00bb custom_padding=\u00bb||0px|||\u00bb da_disable_devices=\u00bboff|off|off\u00bb global_colors_info=\u00bb{}\u00bb da_is_popup=\u00bboff\u00bb da_exit_intent=\u00bboff\u00bb da_has_close=\u00bbon\u00bb da_alt_close=\u00bboff\u00bb da_dark_close=\u00bboff\u00bb da_not_modal=\u00bbon\u00bb da_is_singular=\u00bboff\u00bb da_with_loader=\u00bboff\u00bb da_has_shadow=\u00bbon\u00bb][et_pb_row _builder_version=\u00bb4.27.6&#8243; _module_preset=\u00bbdefault\u00bb custom_margin=\u00bb-41px|auto||auto||\u00bb custom_padding=\u00bb||9px|||\u00bb global_colors_info=\u00bb{}\u00bb][et_pb_column type=\u00bb4_4&#8243; _builder_version=\u00bb4.27.6&#8243; _module_preset=\u00bbdefault\u00bb global_colors_info=\u00bb{}\u00bb][et_pb_text _builder_version=\u00bb4.27.6&#8243; _module_preset=\u00bbdefault\u00bb text_font=\u00bb|300|||||||\u00bb hover_enabled=\u00bb0&#8243; global_colors_info=\u00bb{}\u00bb sticky_enabled=\u00bb0&#8243;]<\/p>\n<p>DEPROS se complace en anunciar su participaci\u00f3n en <strong>EXPOMEC\u00c2NICA<\/strong>, una de las ferias internacionales m\u00e1s importantes del sector de la posventa automotriz, que tendr\u00e1 lugar en <strong><a href=\"https:\/\/expomecanica.pt\/en\/\">Exponor &#8211; Feria Internacional de Oporto<\/a><\/strong> del <strong>29 al 31 de mayo de 2026<\/strong>.<\/p>\n<p>Este evento representa un referente para fabricantes, distribuidores y profesionales del sector, ofreciendo una oportunidad \u00fanica para descubrir las \u00faltimas innovaciones, tecnolog\u00edas y soluciones relacionadas con la posventa automotriz.<o:p><\/o:p><\/p>\n<p>[\/et_pb_text][et_pb_text _builder_version=\u00bb4.27.6&#8243; _module_preset=\u00bbdefault\u00bb header_2_font=\u00bb&#8211;et_global_body_font|800|||||||\u00bb header_2_text_color=\u00bbgcid-0a9de6b2-9d03-4c1e-b803-fd4d902afdf4&#8243; custom_margin=\u00bb||14px|||\u00bb global_colors_info=\u00bb{%22gcid-0a9de6b2-9d03-4c1e-b803-fd4d902afdf4%22:%91%22header_2_text_color%22%93}\u00bb]<\/p>\n<h2>Perch\u00e9 EXPOMEC\u00c2NICA \u00e8 importante<\/h2>\n<p>[\/et_pb_text][et_pb_text _builder_version=\u00bb4.27.6&#8243; _module_preset=\u00bbdefault\u00bb text_font=\u00bb|300|||||||\u00bb global_colors_info=\u00bb{}\u00bb]<\/p>\n<p>Para DEPROS, participar en este evento supone un paso estrat\u00e9gico para <strong>fortalecer<\/strong> nuestra presencia en el mercado portugu\u00e9s, <strong>consolidar <\/strong>relaciones con socios y clientes internacionales, explorar nuevas oportunidades de crecimiento y demostrar la <strong>calidad <\/strong>y <strong>fiabilidad <\/strong>de nuestros productos y servicios.<\/p>\n<p>[\/et_pb_text][et_pb_text _builder_version=\u00bb4.27.6&#8243; _module_preset=\u00bbdefault\u00bb header_2_font=\u00bb&#8211;et_global_body_font|800|||||||\u00bb header_2_text_color=\u00bbgcid-0a9de6b2-9d03-4c1e-b803-fd4d902afdf4&#8243; custom_margin=\u00bb||14px|||\u00bb global_colors_info=\u00bb{%22gcid-0a9de6b2-9d03-4c1e-b803-fd4d902afdf4%22:%91%22header_2_text_color%22%93}\u00bb]<\/p>\n<h2>D\u00f3nde encontrarnos: STAND 4A03<\/h2>\n<p>[\/et_pb_text][et_pb_text _builder_version=\u00bb4.27.6&#8243; _module_preset=\u00bbdefault\u00bb text_font=\u00bb|300|||||||\u00bb global_colors_info=\u00bb{}\u00bb]<\/p>\n<p>Estaremos presentes en el <strong>stand 4A03<\/strong>, donde podr\u00e1 conocer a nuestro equipo y obtener m\u00e1s informaci\u00f3n sobre nosotros y nuestras soluciones para el sector automotriz.<\/p>\n<p>Si desea visitar la feria, puede solicitar su <strong>entrada gratuita<\/strong> contact\u00e1ndonos a trav\u00e9s de<a href=\"mailto:info@depros.it\"><strong> info@depros.it<\/strong> <\/a>o al <strong><a href=\"https:\/\/wa.me\/+39081918020\">+39 081 918 020<\/a><\/strong>.<\/p>\n<p>Esperamos verle en <strong>Oporto <\/strong>para compartir nuevas oportunidades de desarrollo y colaboraci\u00f3n.<\/p>\n<p>[\/et_pb_text][\/et_pb_column][\/et_pb_row][\/et_pb_section]<\/p>\n","protected":false},"excerpt":{"rendered":"<p>DEPROS se complace en anunciar su participaci\u00f3n en EXPOMEC\u00c2NICA, una de las ferias internacionales m\u00e1s importantes del sector de la posventa automotriz, que tendr\u00e1 lugar en Exponor &#8211; Feria Internacional de Oporto del 29 al 31 de mayo de 2026. Este evento representa un referente para fabricantes, distribuidores y profesionales del sector, ofreciendo una oportunidad [&hellip;]<\/p>\n","protected":false},"author":3,"featured_media":18044,"comment_status":"closed","ping_status":"closed","sticky":false,"template":"","format":"standard","meta":{"_et_pb_use_builder":"on","_et_pb_old_content":"","_et_gb_content_width":"","footnotes":""},"categories":[10888],"tags":[10930,10981,10982,10903],"class_list":["post-17962","post","type-post","status-publish","format-standard","has-post-thumbnail","hentry","category-comunicaciones","tag-depros","tag-expomecanica","tag-feria","tag-tsp"],"_links":{"self":[{"href":"https:\/\/depros.it\/es\/wp-json\/wp\/v2\/posts\/17962","targetHints":{"allow":["GET"]}}],"collection":[{"href":"https:\/\/depros.it\/es\/wp-json\/wp\/v2\/posts"}],"about":[{"href":"https:\/\/depros.it\/es\/wp-json\/wp\/v2\/types\/post"}],"author":[{"embeddable":true,"href":"https:\/\/depros.it\/es\/wp-json\/wp\/v2\/users\/3"}],"replies":[{"embeddable":true,"href":"https:\/\/depros.it\/es\/wp-json\/wp\/v2\/comments?post=17962"}],"version-history":[{"count":16,"href":"https:\/\/depros.it\/es\/wp-json\/wp\/v2\/posts\/17962\/revisions"}],"predecessor-version":[{"id":18068,"href":"https:\/\/depros.it\/es\/wp-json\/wp\/v2\/posts\/17962\/revisions\/18068"}],"wp:featuredmedia":[{"embeddable":true,"href":"https:\/\/depros.it\/es\/wp-json\/wp\/v2\/media\/18044"}],"wp:attachment":[{"href":"https:\/\/depros.it\/es\/wp-json\/wp\/v2\/media?parent=17962"}],"wp:term":[{"taxonomy":"category","embeddable":true,"href":"https:\/\/depros.it\/es\/wp-json\/wp\/v2\/categories?post=17962"},{"taxonomy":"post_tag","embeddable":true,"href":"https:\/\/depros.it\/es\/wp-json\/wp\/v2\/tags?post=17962"}],"curies":[{"name":"wp","href":"https:\/\/api.w.org\/{rel}","templated":true}]}}