
{"id":16233,"date":"2026-04-13T18:01:19","date_gmt":"2026-04-13T16:01:19","guid":{"rendered":"https:\/\/depros.it\/depros-soluciones-para-turbocompresores-y-componentes-automotrices\/"},"modified":"2026-04-13T18:01:23","modified_gmt":"2026-04-13T16:01:23","slug":"depros-soluciones-para-turbocompresores-y-componentes-automotrices","status":"publish","type":"post","link":"https:\/\/depros.it\/es\/depros-soluciones-para-turbocompresores-y-componentes-automotrices\/","title":{"rendered":"DEPROS \u2013 Soluciones para Turbocompresores y Componentes Automotrices"},"content":{"rendered":"<p>[et_pb_section fb_built=\u00bb1&#8243; _builder_version=\u00bb4.18.0&#8243; _module_preset=\u00bbdefault\u00bb custom_padding=\u00bb10px||5px|||\u00bb da_disable_devices=\u00bboff|off|off\u00bb global_colors_info=\u00bb{}\u00bb da_is_popup=\u00bboff\u00bb da_exit_intent=\u00bboff\u00bb da_has_close=\u00bbon\u00bb da_alt_close=\u00bboff\u00bb da_dark_close=\u00bboff\u00bb da_not_modal=\u00bbon\u00bb da_is_singular=\u00bboff\u00bb da_with_loader=\u00bboff\u00bb da_has_shadow=\u00bbon\u00bb][et_pb_row _builder_version=\u00bb4.18.0&#8243; _module_preset=\u00bbdefault\u00bb custom_padding=\u00bb||5px|||\u00bb global_colors_info=\u00bb{}\u00bb][et_pb_column type=\u00bb4_4&#8243; _builder_version=\u00bb4.18.0&#8243; _module_preset=\u00bbdefault\u00bb global_colors_info=\u00bb{}\u00bb][et_pb_text _builder_version=\u00bb4.18.0&#8243; _module_preset=\u00bbdefault\u00bb text_font=\u00bbPoppins|300|||||||\u00bb text_text_color=\u00bb#FFFFFF\u00bb background_color=\u00bbgcid-78580d7f-98e0-4ead-ab9d-862217e7e700&#8243; text_orientation=\u00bbcenter\u00bb custom_padding=\u00bb30px||30px|30px|true|false\u00bb global_colors_info=\u00bb{%22gcid-78580d7f-98e0-4ead-ab9d-862217e7e700%22:%91%22background_color%22%93}\u00bb]<\/p>\n<p><span><strong>DEPROS <\/strong>es un proveedor l\u00edder de componentes para la industria <strong>automotriz <\/strong>y de <strong>camiones<\/strong>. Ofrecemos soluciones integrales para quienes buscan confiabilidad, rendimiento y flexibilidad, brindando soporte a profesionales y especialistas del sector.<\/span><\/p>\n<p>[\/et_pb_text][\/et_pb_column][\/et_pb_row][\/et_pb_section][et_pb_section fb_built=\u00bb1&#8243; _builder_version=\u00bb4.18.0&#8243; _module_preset=\u00bbdefault\u00bb custom_padding=\u00bb30px||4px|||\u00bb da_disable_devices=\u00bboff|off|off\u00bb global_colors_info=\u00bb{}\u00bb da_is_popup=\u00bboff\u00bb da_exit_intent=\u00bboff\u00bb da_has_close=\u00bbon\u00bb da_alt_close=\u00bboff\u00bb da_dark_close=\u00bboff\u00bb da_not_modal=\u00bbon\u00bb da_is_singular=\u00bboff\u00bb da_with_loader=\u00bboff\u00bb da_has_shadow=\u00bbon\u00bb][et_pb_row _builder_version=\u00bb4.18.0&#8243; _module_preset=\u00bbdefault\u00bb custom_padding=\u00bb17px|||||\u00bb global_colors_info=\u00bb{}\u00bb][et_pb_column type=\u00bb4_4&#8243; _builder_version=\u00bb4.18.0&#8243; _module_preset=\u00bbdefault\u00bb global_colors_info=\u00bb{}\u00bb][et_pb_text _builder_version=\u00bb4.18.0&#8243; _module_preset=\u00bbdefault\u00bb text_font=\u00bbPoppins|700|||||||\u00bb text_text_color=\u00bbgcid-78580d7f-98e0-4ead-ab9d-862217e7e700&#8243; text_font_size=\u00bb18px\u00bb ul_text_align=\u00bbleft\u00bb header_font=\u00bb|600|||||||\u00bb header_text_color=\u00bb#000000&#8243; header_2_font=\u00bb|700|||||||\u00bb header_2_text_color=\u00bbgcid-78580d7f-98e0-4ead-ab9d-862217e7e700&#8243; header_2_font_size=\u00bb24px\u00bb header_3_font=\u00bb||||||||\u00bb custom_margin=\u00bb||10px||false|false\u00bb custom_padding=\u00bb||||false|false\u00bb global_colors_info=\u00bb{%22gcid-78580d7f-98e0-4ead-ab9d-862217e7e700%22:%91%22text_text_color%22,%22header_2_text_color%22%93}\u00bb]<\/p>\n<h2>Nuestra Gama de Productos<\/h2>\n<p>[\/et_pb_text][et_pb_text _builder_version=\u00bb4.18.0&#8243; _module_preset=\u00bbdefault\u00bb text_font=\u00bbPoppins|300|||||||\u00bb global_colors_info=\u00bb{}\u00bb]<\/p>\n<p>DEPROS ofrece una gama completa y diversa de componentes, disponibles en versiones <strong>NUEVAS<\/strong>, <strong>REACONDICIONADAS <\/strong>y de <strong>REPUESTO<\/strong>.<\/p>\n<p>[\/et_pb_text][\/et_pb_column][\/et_pb_row][et_pb_row column_structure=\u00bb1_4,1_4,1_4,1_4&#8243; _builder_version=\u00bb4.18.0&#8243; _module_preset=\u00bbdefault\u00bb global_colors_info=\u00bb{}\u00bb][et_pb_column type=\u00bb1_4&#8243; _builder_version=\u00bb4.18.0&#8243; _module_preset=\u00bbdefault\u00bb global_colors_info=\u00bb{}\u00bb][et_pb_blurb title=\u00bbTURBOCOMPRESORES\u00bb image=\u00bbhttps:\/\/depros.it\/wp-content\/uploads\/2026\/02\/turbocompressore.png\u00bb alt=\u00bbturbocompresores\u00bb _builder_version=\u00bb4.18.0&#8243; _module_preset=\u00bbdefault\u00bb header_level=\u00bbh3&#8243; header_font=\u00bbPoppins|700|||||||\u00bb header_text_color=\u00bbgcid-78580d7f-98e0-4ead-ab9d-862217e7e700&#8243; header_font_size=\u00bb16px\u00bb body_font=\u00bbPoppins|300|||||||\u00bb body_font_size=\u00bb14px\u00bb box_shadow_style_image=\u00bbpreset1&#8243; global_colors_info=\u00bb{%22gcid-78580d7f-98e0-4ead-ab9d-862217e7e700%22:%91%22header_text_color%22%93}\u00bb]<\/p>\n<p>DEPROS ofrece una amplia gama de <strong>turbocompresores <\/strong>completos, seleccionados y probados para garantizar su <em>eficiencia <\/em>en todas las condiciones de funcionamiento, su <em>durabilidad <\/em>y su <em>compatibilidad <\/em>con una gran variedad de motores.<\/p>\n<p>[\/et_pb_blurb][\/et_pb_column][et_pb_column type=\u00bb1_4&#8243; _builder_version=\u00bb4.18.0&#8243; _module_preset=\u00bbdefault\u00bb global_colors_info=\u00bb{}\u00bb][et_pb_blurb title=\u00bbCONJUNTOS DE N\u00daCLEOS TSP\u00bb image=\u00bbhttps:\/\/depros.it\/wp-content\/uploads\/2026\/02\/CORE-ASSY-TSP.png\u00bb alt=\u00bbturbocompresores\u00bb _builder_version=\u00bb4.18.0&#8243; _module_preset=\u00bbdefault\u00bb header_level=\u00bbh3&#8243; header_font=\u00bbPoppins|700|||||||\u00bb header_text_color=\u00bbgcid-78580d7f-98e0-4ead-ab9d-862217e7e700&#8243; header_font_size=\u00bb16px\u00bb body_font=\u00bbPoppins|300|||||||\u00bb body_font_size=\u00bb14px\u00bb box_shadow_style_image=\u00bbpreset1&#8243; global_colors_info=\u00bb{%22gcid-78580d7f-98e0-4ead-ab9d-862217e7e700%22:%91%22header_text_color%22%93}\u00bb]<\/p>\n<p>DEPROS, a trav\u00e9s de su marca <strong>TSP<\/strong>, ofrece la gama m\u00e1s amplia de <strong>conjuntos de n\u00facleos <\/strong>del mercado <em>para aplicaciones automotrices, de camiones, marinas, agr\u00edcolas y de veh\u00edculos pesados<\/em>. Cada componente se <em><em>prueba<\/em><\/em>   y se <em>equilibra <\/em>seg\u00fan los m\u00e1s altos est\u00e1ndares de calidad.<\/p>\n<p>[\/et_pb_blurb][\/et_pb_column][et_pb_column type=\u00bb1_4&#8243; _builder_version=\u00bb4.18.0&#8243; _module_preset=\u00bbdefault\u00bb global_colors_info=\u00bb{}\u00bb][et_pb_blurb title=\u00bbSISTEMA DE DIRECCI\u00d3N\u00bb image=\u00bbhttps:\/\/depros.it\/wp-content\/uploads\/2026\/02\/Apparato-sterzante.png\u00bb alt=\u00bbSistema de direcci\u00f3n\u00bb _builder_version=\u00bb4.18.0&#8243; _module_preset=\u00bbdefault\u00bb header_level=\u00bbh3&#8243; header_font=\u00bbPoppins|700|||||||\u00bb header_text_color=\u00bbgcid-78580d7f-98e0-4ead-ab9d-862217e7e700&#8243; header_font_size=\u00bb16px\u00bb body_font=\u00bbPoppins|300|||||||\u00bb body_font_size=\u00bb14px\u00bb box_shadow_style_image=\u00bbpreset1&#8243; global_colors_info=\u00bb{%22gcid-78580d7f-98e0-4ead-ab9d-862217e7e700%22:%91%22header_text_color%22%93}\u00bb]<\/p>\n<p>DEPROS proporciona una selecci\u00f3n completa de componentes para <b>sistemas de direcci\u00f3n<\/b> mec\u00e1nicos, hidr\u00e1ulicos y el\u00e9ctricos, dise\u00f1ados para garantizar <em>precisi\u00f3n<\/em>, <em>maniobrabilidad <\/em>y <em>fiabilidad <\/em>en la direcci\u00f3n. DEPROS es el distribuidor oficial de <strong>JTEKT <\/strong>en Italia.<\/p>\n<p>[\/et_pb_blurb][\/et_pb_column][et_pb_column type=\u00bb1_4&#8243; _builder_version=\u00bb4.18.0&#8243; _module_preset=\u00bbdefault\u00bb global_colors_info=\u00bb{}\u00bb][et_pb_blurb title=\u00bbDPF Y CONVERTIDORES CATAL\u00cdTICOS\u00bb image=\u00bbhttps:\/\/depros.it\/wp-content\/uploads\/2026\/02\/FAP-E-CATALIZZATORI.png\u00bb alt=\u00bbDPF y convertidores catal\u00edticos\u00bb _builder_version=\u00bb4.18.0&#8243; _module_preset=\u00bbdefault\u00bb header_level=\u00bbh3&#8243; header_font=\u00bbPoppins|700|||||||\u00bb header_text_color=\u00bbgcid-78580d7f-98e0-4ead-ab9d-862217e7e700&#8243; header_font_size=\u00bb16px\u00bb body_font=\u00bbPoppins|300|||||||\u00bb body_font_size=\u00bb14px\u00bb box_shadow_style_image=\u00bbpreset1&#8243; global_colors_info=\u00bb{%22gcid-78580d7f-98e0-4ead-ab9d-862217e7e700%22:%91%22header_text_color%22%93}\u00bb]<\/p>\n<p>DEPROS ofrece a sus clientes un servicio de lavado y limpieza de <strong>DPF <\/strong>y <b>catalizadores <\/b>para autom\u00f3viles, veh\u00edculos comerciales y camiones, restaur\u00e1ndolos a su plena funcionalidad a un precio razonable.<\/p>\n<p>[\/et_pb_blurb][\/et_pb_column][\/et_pb_row][et_pb_row _builder_version=\u00bb4.18.0&#8243; _module_preset=\u00bbdefault\u00bb custom_padding=\u00bb5px||0px|||\u00bb global_colors_info=\u00bb{}\u00bb][et_pb_column type=\u00bb4_4&#8243; _builder_version=\u00bb4.18.0&#8243; _module_preset=\u00bbdefault\u00bb global_colors_info=\u00bb{}\u00bb][et_pb_text _builder_version=\u00bb4.18.0&#8243; _module_preset=\u00bbdefault\u00bb text_font=\u00bbPoppins|700|||||||\u00bb text_text_color=\u00bbgcid-78580d7f-98e0-4ead-ab9d-862217e7e700&#8243; text_font_size=\u00bb18px\u00bb ul_text_align=\u00bbleft\u00bb header_font=\u00bb|600|||||||\u00bb header_text_color=\u00bb#000000&#8243; header_2_font=\u00bb|700|||||||\u00bb header_2_text_color=\u00bbgcid-78580d7f-98e0-4ead-ab9d-862217e7e700&#8243; header_2_font_size=\u00bb24px\u00bb header_3_font=\u00bb||||||||\u00bb custom_margin=\u00bb||10px||false|false\u00bb custom_padding=\u00bb||||false|false\u00bb global_colors_info=\u00bb{%22gcid-78580d7f-98e0-4ead-ab9d-862217e7e700%22:%91%22text_text_color%22,%22header_2_text_color%22%93}\u00bb]<\/p>\n<h2>\u00bfPor qu\u00e9 elegir DEPROS?<\/h2>\n<p>[\/et_pb_text][et_pb_text _builder_version=\u00bb4.18.0&#8243; _module_preset=\u00bbdefault\u00bb text_font=\u00bbPoppins|300|||||||\u00bb custom_padding=\u00bb||0px|||\u00bb global_colors_info=\u00bb{}\u00bb]<\/p>\n<p><strong>DEPROS<\/strong><span> <\/span>no solo suministra productos. Elegirnos significa contar con un socio estructurado, capaz de ofrecer: <\/p>\n<ul>\n<li><strong>Amplia <\/strong>disponibilidad de productos;<\/li>\n<li>Soluciones <strong>nuevas<\/strong>, <strong>reacondicionadas <\/strong>y <strong>de repuesto<\/strong>;<\/li>\n<li>Soporte t\u00e9cnico y comercial <strong>calificado<\/strong>;<\/li>\n<li>Un enfoque <strong>flexible <\/strong>centrado en las necesidades reales del cliente.<\/li>\n<\/ul>\n<p>&nbsp;<\/p>\n<p>[\/et_pb_text][\/et_pb_column][\/et_pb_row][et_pb_row _builder_version=\u00bb4.18.0&#8243; _module_preset=\u00bbdefault\u00bb custom_padding=\u00bb||4px|||\u00bb global_colors_info=\u00bb{}\u00bb][et_pb_column type=\u00bb4_4&#8243; _builder_version=\u00bb4.18.0&#8243; _module_preset=\u00bbdefault\u00bb global_colors_info=\u00bb{}\u00bb][et_pb_text _builder_version=\u00bb4.18.0&#8243; _module_preset=\u00bbdefault\u00bb text_font=\u00bbPoppins|700|||||||\u00bb text_text_color=\u00bbgcid-78580d7f-98e0-4ead-ab9d-862217e7e700&#8243; text_font_size=\u00bb18px\u00bb ul_text_align=\u00bbleft\u00bb header_font=\u00bb|600|||||||\u00bb header_text_color=\u00bb#000000&#8243; header_2_font=\u00bb|700|||||||\u00bb header_2_text_color=\u00bbgcid-78580d7f-98e0-4ead-ab9d-862217e7e700&#8243; header_2_font_size=\u00bb24px\u00bb header_3_font=\u00bb||||||||\u00bb min_height=\u00bb32.2px\u00bb custom_margin=\u00bb-37px||10px||false|false\u00bb custom_padding=\u00bb4px||||false|false\u00bb global_colors_info=\u00bb{%22gcid-78580d7f-98e0-4ead-ab9d-862217e7e700%22:%91%22text_text_color%22,%22header_2_text_color%22%93}\u00bb]<\/p>\n<h2>Cont\u00e1ctenos<\/h2>\n<p>[\/et_pb_text][\/et_pb_column][\/et_pb_row][et_pb_row column_structure=\u00bb1_2,1_2&#8243; use_custom_gutter=\u00bbon\u00bb make_equal=\u00bbon\u00bb _builder_version=\u00bb4.18.0&#8243; _module_preset=\u00bbdefault\u00bb custom_padding=\u00bb18px|||||\u00bb global_colors_info=\u00bb{}\u00bb][et_pb_column type=\u00bb1_2&#8243; _builder_version=\u00bb4.18.0&#8243; _module_preset=\u00bbdefault\u00bb global_colors_info=\u00bb{}\u00bb][et_pb_cta button_url=\u00bbhttps:\/\/depros.it\/es\/contatti\/\u00bb button_text=\u00bbAtenci\u00f3n al cliente\u00bb module_class=\u00bbdep-btn-bianco\u00bb _builder_version=\u00bb4.18.0&#8243; _module_preset=\u00bbdefault\u00bb header_font=\u00bbPoppins||||||||\u00bb body_font=\u00bbPoppins||||||||\u00bb background_color=\u00bbgcid-78580d7f-98e0-4ead-ab9d-862217e7e700&#8243; custom_button=\u00bbon\u00bb button_text_color=\u00bb#FFFFFF\u00bb button_font=\u00bbPoppins||||||||\u00bb width=\u00bb100%\u00bb custom_margin=\u00bb-10px||||false|false\u00bb animation_style=\u00bbfade\u00bb border_radii=\u00bbon|10px|10px|10px|10px\u00bb box_shadow_style=\u00bbpreset2&#8243; global_colors_info=\u00bb{%22gcid-78580d7f-98e0-4ead-ab9d-862217e7e700%22:%91%22background_color%22%93}\u00bb]<\/p>\n<p>Si desea <strong>m\u00e1s informaci\u00f3n<\/strong> sobre nuestros productos o necesita ayuda para elegir el m\u00e1s adecuado para su aplicaci\u00f3n, complete el formulario en el siguiente enlace:<\/p>\n<p>[\/et_pb_cta][\/et_pb_column][et_pb_column type=\u00bb1_2&#8243; _builder_version=\u00bb4.18.0&#8243; _module_preset=\u00bbdefault\u00bb global_colors_info=\u00bb{}\u00bb][et_pb_cta button_url=\u00bbhttps:\/\/shop.depros.it\/es\/richiesta-nuovo-cliente\u00bb button_text=\u00bbReg\u00edstrese ahora\u00bb module_class=\u00bbdep-btn-bianco\u00bb _builder_version=\u00bb4.18.0&#8243; _module_preset=\u00bbdefault\u00bb header_font=\u00bbPoppins||||||||\u00bb body_font=\u00bbPoppins||||||||\u00bb background_color=\u00bbgcid-78580d7f-98e0-4ead-ab9d-862217e7e700&#8243; custom_button=\u00bbon\u00bb button_text_color=\u00bb#FFFFFF\u00bb button_font=\u00bbPoppins||||||||\u00bb height=\u00bb100%\u00bb custom_margin=\u00bb-10px||||false|false\u00bb animation_style=\u00bbfade\u00bb border_radii=\u00bbon|10px|10px|10px|10px\u00bb box_shadow_style=\u00bbpreset2&#8243; global_colors_info=\u00bb{%22gcid-78580d7f-98e0-4ead-ab9d-862217e7e700%22:%91%22background_color%22%93}\u00bb]<\/p>\n<p>Si desea crear una <strong>cuenta<\/strong> en nuestra <strong>tienda en l\u00ednea<\/strong> para gestionar sus pedidos y consultar la disponibilidad,<br \/>haga clic en el siguiente enlace:<\/p>\n<p>[\/et_pb_cta][\/et_pb_column][\/et_pb_row][\/et_pb_section]<\/p>\n","protected":false},"excerpt":{"rendered":"<p>Conf\u00ede en DEPROS para turbocompresores y componentes automotrices: experiencia, confiabilidad y soluciones personalizadas para cada necesidad.<\/p>\n","protected":false},"author":1,"featured_media":14645,"comment_status":"closed","ping_status":"closed","sticky":false,"template":"","format":"standard","meta":{"_et_pb_use_builder":"on","_et_pb_old_content":"","_et_gb_content_width":"","footnotes":""},"categories":[8594],"tags":[10907,10904,10905,10908,10903,10906],"class_list":["post-16233","post","type-post","status-publish","format-standard","has-post-thumbnail","hentry","category-sin-categorizar","tag-automotive","tag-core-assy","tag-fap","tag-sistema-de-direccion","tag-tsp","tag-turbo"],"_links":{"self":[{"href":"https:\/\/depros.it\/es\/wp-json\/wp\/v2\/posts\/16233","targetHints":{"allow":["GET"]}}],"collection":[{"href":"https:\/\/depros.it\/es\/wp-json\/wp\/v2\/posts"}],"about":[{"href":"https:\/\/depros.it\/es\/wp-json\/wp\/v2\/types\/post"}],"author":[{"embeddable":true,"href":"https:\/\/depros.it\/es\/wp-json\/wp\/v2\/users\/1"}],"replies":[{"embeddable":true,"href":"https:\/\/depros.it\/es\/wp-json\/wp\/v2\/comments?post=16233"}],"version-history":[{"count":2,"href":"https:\/\/depros.it\/es\/wp-json\/wp\/v2\/posts\/16233\/revisions"}],"predecessor-version":[{"id":16235,"href":"https:\/\/depros.it\/es\/wp-json\/wp\/v2\/posts\/16233\/revisions\/16235"}],"wp:featuredmedia":[{"embeddable":true,"href":"https:\/\/depros.it\/es\/wp-json\/wp\/v2\/media\/14645"}],"wp:attachment":[{"href":"https:\/\/depros.it\/es\/wp-json\/wp\/v2\/media?parent=16233"}],"wp:term":[{"taxonomy":"category","embeddable":true,"href":"https:\/\/depros.it\/es\/wp-json\/wp\/v2\/categories?post=16233"},{"taxonomy":"post_tag","embeddable":true,"href":"https:\/\/depros.it\/es\/wp-json\/wp\/v2\/tags?post=16233"}],"curies":[{"name":"wp","href":"https:\/\/api.w.org\/{rel}","templated":true}]}}