
{"id":17968,"date":"2026-04-28T11:04:30","date_gmt":"2026-04-28T09:04:30","guid":{"rendered":"https:\/\/depros.it\/?p=17968"},"modified":"2026-04-29T09:24:11","modified_gmt":"2026-04-29T07:24:11","slug":"depros-auf-der-expomecanica-2026","status":"publish","type":"post","link":"https:\/\/depros.it\/de\/depros-auf-der-expomecanica-2026\/","title":{"rendered":"DEPROS auf der EXPOMEC\u00c2NICA 2026"},"content":{"rendered":"<p>[et_pb_section fb_built=&#8220;1&#8243; _builder_version=&#8220;4.27.6&#8243; _module_preset=&#8220;default&#8220; min_height=&#8220;583.1px&#8220; custom_margin=&#8220;||-3px|||&#8220; custom_padding=&#8220;||0px|||&#8220; da_disable_devices=&#8220;off|off|off&#8220; global_colors_info=&#8220;{}&#8220; da_is_popup=&#8220;off&#8220; da_exit_intent=&#8220;off&#8220; da_has_close=&#8220;on&#8220; da_alt_close=&#8220;off&#8220; da_dark_close=&#8220;off&#8220; da_not_modal=&#8220;on&#8220; da_is_singular=&#8220;off&#8220; da_with_loader=&#8220;off&#8220; da_has_shadow=&#8220;on&#8220;][et_pb_row _builder_version=&#8220;4.27.6&#8243; _module_preset=&#8220;default&#8220; custom_margin=&#8220;-41px|auto||auto||&#8220; custom_padding=&#8220;||9px|||&#8220; global_colors_info=&#8220;{}&#8220;][et_pb_column type=&#8220;4_4&#8243; _builder_version=&#8220;4.27.6&#8243; _module_preset=&#8220;default&#8220; global_colors_info=&#8220;{}&#8220;][et_pb_text _builder_version=&#8220;4.27.6&#8243; _module_preset=&#8220;default&#8220; text_font=&#8220;|300|||||||&#8220; hover_enabled=&#8220;0&#8243; global_colors_info=&#8220;{}&#8220; sticky_enabled=&#8220;0&#8243;]<\/p>\n<p>DEPROS freut sich, seine Teilnahme an der <strong>EXPOMEC\u00c2NICA<\/strong> bekanntzugeben, einer der wichtigsten internationalen Fachmessen f\u00fcr den automobilen Aftermarket. Die Messe findet vom <strong>29. bis 31. Mai 2026<\/strong> auf dem <strong><a href=\"https:\/\/expomecanica.pt\/en\/\">Exponor \u2013 Porto International Fair<\/a><\/strong> statt.<\/p>\n<p>Die Veranstaltung ist ein wichtiger Treffpunkt f\u00fcr Hersteller, H\u00e4ndler und Branchenexperten und bietet eine einzigartige Gelegenheit, die neuesten Innovationen, Technologien und L\u00f6sungen f\u00fcr den automobilen Aftermarket zu entdecken.<o:p><\/o:p><\/p>\n<p>[\/et_pb_text][et_pb_text _builder_version=&#8220;4.27.6&#8243; _module_preset=&#8220;default&#8220; header_2_font=&#8220;&#8211;et_global_body_font|800|||||||&#8220; header_2_text_color=&#8220;gcid-0a9de6b2-9d03-4c1e-b803-fd4d902afdf4&#8243; custom_margin=&#8220;||14px|||&#8220; global_colors_info=&#8220;{%22gcid-0a9de6b2-9d03-4c1e-b803-fd4d902afdf4%22:%91%22header_2_text_color%22%93}&#8220;]<\/p>\n<h2>Warum die EXPOMEC\u00c2NICA wichtig ist<\/h2>\n<p>[\/et_pb_text][et_pb_text _builder_version=&#8220;4.27.6&#8243; _module_preset=&#8220;default&#8220; text_font=&#8220;|300|||||||&#8220; global_colors_info=&#8220;{}&#8220;]<\/p>\n<p>F\u00fcr DEPROS ist die Teilnahme an dieser Messe ein strategischer Schritt, um unsere Pr\u00e4senz auf dem portugiesischen Markt zu <strong>st\u00e4rken<\/strong>, die Beziehungen zu internationalen Partnern und Kunden zu <strong>festigen<\/strong>, neue Wachstumschancen zu <strong>erschlie\u00dfen <\/strong>und die <strong>Qualit\u00e4t <\/strong>und <strong>Zuverl\u00e4ssigkeit <\/strong>unserer Produkte und Dienstleistungen zu pr\u00e4sentieren.<\/p>\n<p>[\/et_pb_text][et_pb_text _builder_version=&#8220;4.27.6&#8243; _module_preset=&#8220;default&#8220; header_2_font=&#8220;&#8211;et_global_body_font|800|||||||&#8220; header_2_text_color=&#8220;gcid-0a9de6b2-9d03-4c1e-b803-fd4d902afdf4&#8243; custom_margin=&#8220;||14px|||&#8220; global_colors_info=&#8220;{%22gcid-0a9de6b2-9d03-4c1e-b803-fd4d902afdf4%22:%91%22header_2_text_color%22%93}&#8220;]<\/p>\n<h2>Wo Sie uns finden: Stand 4A03<\/h2>\n<p>[\/et_pb_text][et_pb_text _builder_version=&#8220;4.27.6&#8243; _module_preset=&#8220;default&#8220; text_font=&#8220;|300|||||||&#8220; global_colors_info=&#8220;{}&#8220;]<\/p>\n<p>Sie finden uns an <strong>Stand 4A03<\/strong>. Dort k\u00f6nnen Sie unser Team kennenlernen und mehr \u00fcber uns und unsere L\u00f6sungen f\u00fcr die Automobilbranche erfahren.<\/p>\n<p>Wenn Sie die Messe besuchen m\u00f6chten, k\u00f6nnen Sie Ihre <strong>kostenlose Eintrittskarte<\/strong> unter <strong><a href=\"mailto:info@depros.it\">info@depros.it <\/a><\/strong>oder <strong><a href=\"https:\/\/wa.me\/+39081918020\">+39 081 918 020<\/a><\/strong> anfordern.<\/p>\n<p>Wir freuen uns darauf, Sie in <strong>Porto <\/strong>zu sehen und mit Ihnen \u00fcber neue Entwicklungs- und Kooperationsm\u00f6glichkeiten zu sprechen.<\/p>\n<p>[\/et_pb_text][\/et_pb_column][\/et_pb_row][\/et_pb_section]<\/p>\n","protected":false},"excerpt":{"rendered":"<p>DEPROS freut sich, seine Teilnahme an der EXPOMEC\u00c2NICA bekanntzugeben, einer der wichtigsten internationalen Fachmessen f\u00fcr den automobilen Aftermarket. Die Messe findet vom 29. bis 31. Mai 2026 auf dem Exponor \u2013 Porto International Fair statt. Die Veranstaltung ist ein wichtiger Treffpunkt f\u00fcr Hersteller, H\u00e4ndler und Branchenexperten und bietet eine einzigartige Gelegenheit, die neuesten Innovationen, Technologien [&hellip;]<\/p>\n","protected":false},"author":3,"featured_media":18042,"comment_status":"closed","ping_status":"closed","sticky":false,"template":"","format":"standard","meta":{"_et_pb_use_builder":"on","_et_pb_old_content":"","_et_gb_content_width":"","footnotes":""},"categories":[10890],"tags":[10926,10985,10986,10915],"class_list":["post-17968","post","type-post","status-publish","format-standard","has-post-thumbnail","hentry","category-kommunikation","tag-depros","tag-expomecanica","tag-fachmesse","tag-tsp"],"_links":{"self":[{"href":"https:\/\/depros.it\/de\/wp-json\/wp\/v2\/posts\/17968","targetHints":{"allow":["GET"]}}],"collection":[{"href":"https:\/\/depros.it\/de\/wp-json\/wp\/v2\/posts"}],"about":[{"href":"https:\/\/depros.it\/de\/wp-json\/wp\/v2\/types\/post"}],"author":[{"embeddable":true,"href":"https:\/\/depros.it\/de\/wp-json\/wp\/v2\/users\/3"}],"replies":[{"embeddable":true,"href":"https:\/\/depros.it\/de\/wp-json\/wp\/v2\/comments?post=17968"}],"version-history":[{"count":16,"href":"https:\/\/depros.it\/de\/wp-json\/wp\/v2\/posts\/17968\/revisions"}],"predecessor-version":[{"id":18064,"href":"https:\/\/depros.it\/de\/wp-json\/wp\/v2\/posts\/17968\/revisions\/18064"}],"wp:featuredmedia":[{"embeddable":true,"href":"https:\/\/depros.it\/de\/wp-json\/wp\/v2\/media\/18042"}],"wp:attachment":[{"href":"https:\/\/depros.it\/de\/wp-json\/wp\/v2\/media?parent=17968"}],"wp:term":[{"taxonomy":"category","embeddable":true,"href":"https:\/\/depros.it\/de\/wp-json\/wp\/v2\/categories?post=17968"},{"taxonomy":"post_tag","embeddable":true,"href":"https:\/\/depros.it\/de\/wp-json\/wp\/v2\/tags?post=17968"}],"curies":[{"name":"wp","href":"https:\/\/api.w.org\/{rel}","templated":true}]}}