
{"id":17380,"date":"2026-04-24T09:12:42","date_gmt":"2026-04-24T07:12:42","guid":{"rendered":"https:\/\/depros.it\/weihnachtsferien-2025\/"},"modified":"2026-04-24T09:15:57","modified_gmt":"2026-04-24T07:15:57","slug":"weihnachtsferien-2025","status":"publish","type":"post","link":"https:\/\/depros.it\/de\/weihnachtsferien-2025\/","title":{"rendered":"Weihnachtsferien 2025"},"content":{"rendered":"<p>[et_pb_section fb_built=&#8220;1&#8243; admin_label=&#8220;section&#8220; _builder_version=&#8220;4.16&#8243; custom_padding=&#8220;3px||12px|||&#8220; da_disable_devices=&#8220;off|off|off&#8220; global_colors_info=&#8220;{}&#8220; da_is_popup=&#8220;off&#8220; da_exit_intent=&#8220;off&#8220; da_has_close=&#8220;on&#8220; da_alt_close=&#8220;off&#8220; da_dark_close=&#8220;off&#8220; da_not_modal=&#8220;on&#8220; da_is_singular=&#8220;off&#8220; da_with_loader=&#8220;off&#8220; da_has_shadow=&#8220;on&#8220;][et_pb_row admin_label=&#8220;row&#8220; _builder_version=&#8220;4.16&#8243; background_size=&#8220;initial&#8220; background_position=&#8220;top_left&#8220; background_repeat=&#8220;repeat&#8220; global_colors_info=&#8220;{}&#8220;][et_pb_column type=&#8220;4_4&#8243; _builder_version=&#8220;4.16&#8243; custom_padding=&#8220;|||&#8220; global_colors_info=&#8220;{}&#8220; custom_padding__hover=&#8220;|||&#8220;][et_pb_text admin_label=&#8220;Text&#8220; _builder_version=&#8220;4.27.6&#8243; background_size=&#8220;initial&#8220; background_position=&#8220;top_left&#8220; background_repeat=&#8220;repeat&#8220; hover_enabled=&#8220;0&#8243; global_colors_info=&#8220;{}&#8220; sticky_enabled=&#8220;0&#8243; text_font=&#8220;Poppins|300|||||||&#8220;]<\/p>\n<p class=\"isSelectedEnd\">W\u00e4hrend der <strong>Weihnachtsferien 2025 <\/strong>m\u00f6chten wir alle unsere Kunden und Partner dar\u00fcber informieren, dass unsere B\u00fcros in folgenden Zeitr\u00e4umen geschlossen bleiben:<\/p>\n<ul data-spread=\"false\">\n<li><strong>24. bis 28. Dezember 2025<\/strong><\/li>\n<li><strong>31. Dezember 2025 bis 6. Januar 2026<\/strong><\/li>\n<\/ul>\n<p>Alle Anfragen, die uns in diesem Zeitraum erreichen, werden nach unserer Wiederer\u00f6ffnung bearbeitet. Wir nehmen unseren regul\u00e4ren Betrieb am Mittwoch, den <strong>7. Januar 2026,<\/strong> wieder auf und gew\u00e4hrleisten wie gewohnt maximale Verf\u00fcgbarkeit und die Kontinuit\u00e4t unserer Dienstleistungen. <\/p>\n<p>Bei dringenden Angelegenheiten kontaktieren Sie uns bitte vorab, damit wir Ihnen vor Beginn der Weihnachtsferien helfen k\u00f6nnen.<\/p>\n<p>Wir bedanken uns an dieser Stelle herzlich f\u00fcr Ihr Vertrauen im vergangenen Jahr und w\u00fcnschen Ihnen <strong>frohe Weihnachten<\/strong>.<\/p>\n<p>[\/et_pb_text][\/et_pb_column][\/et_pb_row][\/et_pb_section]<\/p>\n","protected":false},"excerpt":{"rendered":"<p>W\u00e4hrend der Weihnachtsferien 2025 m\u00f6chten wir alle unsere Kunden und Partner dar\u00fcber informieren, dass unsere B\u00fcros in folgenden Zeitr\u00e4umen geschlossen bleiben: 24. bis 28. Dezember 2025 31. Dezember 2025 bis 6. Januar 2026 Alle Anfragen, die uns in diesem Zeitraum erreichen, werden nach unserer Wiederer\u00f6ffnung bearbeitet. Wir nehmen unseren regul\u00e4ren Betrieb am Mittwoch, den 7. [&hellip;]<\/p>\n","protected":false},"author":1,"featured_media":15062,"comment_status":"closed","ping_status":"closed","sticky":false,"template":"","format":"standard","meta":{"_et_pb_use_builder":"on","_et_pb_old_content":"","_et_gb_content_width":"","footnotes":""},"categories":[10890],"tags":[],"class_list":["post-17380","post","type-post","status-publish","format-standard","has-post-thumbnail","hentry","category-kommunikation"],"_links":{"self":[{"href":"https:\/\/depros.it\/de\/wp-json\/wp\/v2\/posts\/17380","targetHints":{"allow":["GET"]}}],"collection":[{"href":"https:\/\/depros.it\/de\/wp-json\/wp\/v2\/posts"}],"about":[{"href":"https:\/\/depros.it\/de\/wp-json\/wp\/v2\/types\/post"}],"author":[{"embeddable":true,"href":"https:\/\/depros.it\/de\/wp-json\/wp\/v2\/users\/1"}],"replies":[{"embeddable":true,"href":"https:\/\/depros.it\/de\/wp-json\/wp\/v2\/comments?post=17380"}],"version-history":[{"count":8,"href":"https:\/\/depros.it\/de\/wp-json\/wp\/v2\/posts\/17380\/revisions"}],"predecessor-version":[{"id":17388,"href":"https:\/\/depros.it\/de\/wp-json\/wp\/v2\/posts\/17380\/revisions\/17388"}],"wp:featuredmedia":[{"embeddable":true,"href":"https:\/\/depros.it\/de\/wp-json\/wp\/v2\/media\/15062"}],"wp:attachment":[{"href":"https:\/\/depros.it\/de\/wp-json\/wp\/v2\/media?parent=17380"}],"wp:term":[{"taxonomy":"category","embeddable":true,"href":"https:\/\/depros.it\/de\/wp-json\/wp\/v2\/categories?post=17380"},{"taxonomy":"post_tag","embeddable":true,"href":"https:\/\/depros.it\/de\/wp-json\/wp\/v2\/tags?post=17380"}],"curies":[{"name":"wp","href":"https:\/\/api.w.org\/{rel}","templated":true}]}}